{"id":483,"date":"2023-07-07T18:22:28","date_gmt":"2023-07-07T23:22:28","guid":{"rendered":"https:\/\/andressalcedo.com\/blog\/?p=483"},"modified":"2023-07-11T09:19:37","modified_gmt":"2023-07-11T14:19:37","slug":"los-equipos-agiles-requieren-profesionales-conscientes","status":"publish","type":"post","link":"https:\/\/andressalcedo.com\/blog\/los-equipos-agiles-requieren-profesionales-conscientes\/","title":{"rendered":"Los equipos \u00e1giles requieren profesionales conscientes \u00bflo eres?"},"content":{"rendered":"\n<p>Trabajar en un equipo \u00e1gil no se limita \u00fanicamente a tener habilidades t\u00e9cnicas en tu campo, va m\u00e1s all\u00e1: requiere que seas un profesional consciente. En este art\u00edculo, exploraremos por qu\u00e9 los equipos \u00e1giles necesitan profesionales conscientes y c\u00f3mo puedes convertirte en uno de ellos.<\/p>\n\n\n\n<h2 class=\"wp-block-heading\"><strong>El significado de ser consciente<\/strong><\/h2>\n\n\n\n<div class=\"wp-block-group has-global-padding is-content-justification-left is-layout-constrained wp-container-core-group-is-layout-6974ef0d wp-block-group-is-layout-constrained\">\n<hr class=\"wp-block-separator has-text-color has-primary-color has-alpha-channel-opacity has-primary-background-color has-background is-style-default\"\/>\n<\/div>\n\n\n\n<p>Lo contrario de la consciencia no es la inconsciencia, sino el piloto autom\u00e1tico. Actuar inconscientemente significa actuar como un robot, programado por el instinto o la memoria.<\/p>\n\n\n\n<p>Ser consciente es la capacidad de experimentar la realidad, de darnos cuenta de nuestro mundo interno y externo. Nos permite adaptarnos al entorno y actuar en consecuencia para mejorar nuestras vidas.<\/p>\n\n\n\n<p>Un profesional consciente sabe cu\u00e1l es su trabajo. \u00bfSabes cu\u00e1l es tu trabajo? Antes de continuar con esta lectura, piensa en c\u00f3mo responder\u00edas a esta pregunta.<\/p>\n\n\n\n<figure class=\"wp-block-image size-large\"><img loading=\"lazy\" decoding=\"async\" width=\"1920\" height=\"1080\" src=\"https:\/\/andressalcedo.com\/blog\/wp-content\/uploads\/2023\/07\/6-1024x576.jpg\" alt=\"Tu trabajo no es tu trabajo\" class=\"wp-image-487\" srcset=\"https:\/\/andressalcedo.com\/blog\/wp-content\/uploads\/2023\/07\/6-1024x576.jpg 1024w, https:\/\/andressalcedo.com\/blog\/wp-content\/uploads\/2023\/07\/6-300x169.jpg 300w, https:\/\/andressalcedo.com\/blog\/wp-content\/uploads\/2023\/07\/6-768x432.jpg 768w, https:\/\/andressalcedo.com\/blog\/wp-content\/uploads\/2023\/07\/6-1536x864.jpg 1536w, https:\/\/andressalcedo.com\/blog\/wp-content\/uploads\/2023\/07\/6.jpg 1920w\" sizes=\"auto, (max-width: 1920px) 100vw, 1920px\" \/><\/figure>\n\n\n\n<p>Si eres programador, seguramente dir\u00edas que tu trabajo es programar. Si eres un dise\u00f1ador, dir\u00edas que tu trabajo es dise\u00f1ar. Dentro de nuestra empresa, tenemos diferentes funciones o roles, pero tu funci\u00f3n es diferente a tu trabajo.<\/p>\n\n\n\n<h2 class=\"wp-block-heading\"><strong>Tu trabajo no es solo tu funci\u00f3n<\/strong><\/h2>\n\n\n\n<div class=\"wp-block-group has-global-padding is-content-justification-left is-layout-constrained wp-container-core-group-is-layout-6974ef0d wp-block-group-is-layout-constrained\">\n<hr class=\"wp-block-separator has-text-color has-primary-color has-alpha-channel-opacity has-primary-background-color has-background is-style-default\"\/>\n<\/div>\n\n\n\n<p>El trabajo de un profesor no es ser profesor, tampoco es solo ense\u00f1ar. El trabajo de un profesor es ayudar a que la gente aprenda.<\/p>\n\n\n\n<p>Tu trabajo no se limita a lo que haces, sino al objetivo que persigues.<\/p>\n\n\n\n<p>El objetivo de un delantero de f\u00fatbol no es solo hacer goles, el objetivo de un portero de f\u00fatbol no es solo evitar goles. El objetivo de un delantero y un portero de f\u00fatbol es ganar el partido. En los equipos \u00e1giles, el objetivo no es solo desarrollar, dise\u00f1ar o documentar; el objetivo es ganar el partido.<\/p>\n\n\n\n<p>Ganar el partido en un equipo \u00e1gil significa alcanzar los objetivos del negocio con efectividad e integridad. Pero, para ganar, cada jugador debe subordinar su objetivo individual al objetivo del equipo.<\/p>\n\n\n\n<p>Cuando te pregunten cu\u00e1l es tu trabajo, no respondas con el cargo que ocupas. Tu trabajo es ayudar a que el equipo en el que est\u00e1s consiga sus objetivos con efectividad e integridad.<\/p>\n\n\n\n<figure class=\"wp-block-image size-large\"><img loading=\"lazy\" decoding=\"async\" width=\"1024\" height=\"576\" src=\"https:\/\/andressalcedo.com\/blog\/wp-content\/uploads\/2023\/07\/9-1024x576.jpg\" alt=\"C\u00f3mo contribuir en un equipo \u00e1gil\" class=\"wp-image-490\" srcset=\"https:\/\/andressalcedo.com\/blog\/wp-content\/uploads\/2023\/07\/9-1024x576.jpg 1024w, https:\/\/andressalcedo.com\/blog\/wp-content\/uploads\/2023\/07\/9-300x169.jpg 300w, https:\/\/andressalcedo.com\/blog\/wp-content\/uploads\/2023\/07\/9-768x432.jpg 768w, https:\/\/andressalcedo.com\/blog\/wp-content\/uploads\/2023\/07\/9-1536x864.jpg 1536w, https:\/\/andressalcedo.com\/blog\/wp-content\/uploads\/2023\/07\/9.jpg 1920w\" sizes=\"auto, (max-width: 1024px) 100vw, 1024px\" \/><\/figure>\n\n\n\n<h2 class=\"wp-block-heading\"><strong>\u00bfC\u00f3mo ayudar a ganar el partido?<\/strong><\/h2>\n\n\n\n<div class=\"wp-block-group has-global-padding is-content-justification-left is-layout-constrained wp-container-core-group-is-layout-6974ef0d wp-block-group-is-layout-constrained\">\n<hr class=\"wp-block-separator has-text-color has-primary-color has-alpha-channel-opacity has-primary-background-color has-background is-style-default\"\/>\n<\/div>\n\n\n\n<p>Cada uno de nosotros tiene especialidades en las que destacamos y en las que nos sentimos m\u00e1s c\u00f3modos. El delantero destaca especialmente en el ataque, pero eventualmente alg\u00fan partido requerir\u00e1 que contribuya desempe\u00f1ando otras funciones, como tareas defensivas.<\/p>\n\n\n\n<p>En los equipos \u00e1giles de alto rendimiento, cada miembro contribuye con su especialidad, pero tambi\u00e9n est\u00e1 atento a las necesidades del equipo en cada momento. Esto implica analizar constantemente el estado del compromiso del Sprint y ofrecer apoyo incluso en tareas fuera de tu zona de confort. Trabajar en un equipo \u00e1gil implica un compromiso constante de alcanzar los objetivos del equipo.<\/p>\n\n\n\n<p>Uno de los problemas m\u00e1s grandes que encuentro en los equipos \u00e1giles es la transici\u00f3n desde modelos de trabajo no \u00e1giles, donde la iniciativa es escasa y los l\u00edderes indican c\u00f3mo y qu\u00e9 hacer en todo momento. Esta falta de autonom\u00eda y creatividad es perjudicial en un entorno \u00e1gil.<\/p>\n\n\n\n<h2 class=\"wp-block-heading\"><strong>El liderazgo consciente en equipos \u00e1giles<\/strong><\/h2>\n\n\n\n<div class=\"wp-block-group has-global-padding is-content-justification-left is-layout-constrained wp-container-core-group-is-layout-6974ef0d wp-block-group-is-layout-constrained\">\n<hr class=\"wp-block-separator has-text-color has-primary-color has-alpha-channel-opacity has-primary-background-color has-background is-style-default\"\/>\n<\/div>\n\n\n\n<p>La agilidad funciona especialmente en contextos de alta incertidumbre, donde la complejidad es mucho mayor y las soluciones dependen de la creatividad, lo que hace imposible que una sola persona pueda saberlo todo. Por lo tanto, el l\u00edder no solo no tiene las respuestas, sino que son los especialistas quienes saben c\u00f3mo hacer el trabajo. Teniendo trabajadores especialistas, no tiene sentido que el l\u00edder les diga c\u00f3mo deben trabajar.<\/p>\n\n\n\n<p>Esto implica un enfoque de liderazgo diferente. El l\u00edder en un equipo \u00e1gil no se limita a dar \u00f3rdenes, sino que act\u00faa como facilitador para los especialistas, asegur\u00e1ndose de que puedan trabajar sin obst\u00e1culos y enfocados en los objetivos. Este enfoque se conoce como liderazgo servicial y es fundamental para el \u00e9xito del equipo.<\/p>\n\n\n\n<figure class=\"wp-block-image size-large\"><img loading=\"lazy\" decoding=\"async\" width=\"1024\" height=\"576\" src=\"https:\/\/andressalcedo.com\/blog\/wp-content\/uploads\/2023\/07\/7-1024x576.jpg\" alt=\"El liderazgo consciente en equipos \u00e1giles\" class=\"wp-image-489\" srcset=\"https:\/\/andressalcedo.com\/blog\/wp-content\/uploads\/2023\/07\/7-1024x576.jpg 1024w, https:\/\/andressalcedo.com\/blog\/wp-content\/uploads\/2023\/07\/7-300x169.jpg 300w, https:\/\/andressalcedo.com\/blog\/wp-content\/uploads\/2023\/07\/7-768x432.jpg 768w, https:\/\/andressalcedo.com\/blog\/wp-content\/uploads\/2023\/07\/7-1536x864.jpg 1536w, https:\/\/andressalcedo.com\/blog\/wp-content\/uploads\/2023\/07\/7.jpg 1920w\" sizes=\"auto, (max-width: 1024px) 100vw, 1024px\" \/><\/figure>\n\n\n\n<h2 class=\"wp-block-heading\"><strong>Responsabilidades al pertenecer a un equipo \u00e1gil<\/strong><\/h2>\n\n\n\n<div class=\"wp-block-group has-global-padding is-content-justification-left is-layout-constrained wp-container-core-group-is-layout-6974ef0d wp-block-group-is-layout-constrained\">\n<hr class=\"wp-block-separator has-text-color has-primary-color has-alpha-channel-opacity has-primary-background-color has-background is-style-default\"\/>\n<\/div>\n\n\n\n<p>Trabajar en un equipo \u00e1gil implica ser consciente de tus compromisos y acciones, as\u00ed como de tus inacciones. Es necesario ser competente en tu campo, pero tambi\u00e9n saber cu\u00e1ndo pedir ayuda. Pertenecer a un equipo \u00e1gil implica ofrecer ayuda a otros, comunicarse constantemente con aquellos afectados por tus tareas, escalar los impedimentos y tomar decisiones oportunas. Adem\u00e1s, debes participar activamente en los eventos del equipo. Participar va m\u00e1s all\u00e1 de asistir, significa estar presente en la conversaci\u00f3n y contribuir para que se logren los objetivos de manera eficiente. Tambi\u00e9n implica comunicarse frecuentemente con el Product Owner y con los dem\u00e1s integrantes, resolver conflictos, liderar conversaciones para garantizar la alineaci\u00f3n y no esperar a que otro te asigne tareas o te diga qu\u00e9 hacer.<\/p>\n\n\n\n<figure class=\"wp-block-image size-large\"><img loading=\"lazy\" decoding=\"async\" width=\"1024\" height=\"576\" src=\"https:\/\/andressalcedo.com\/blog\/wp-content\/uploads\/2023\/07\/8-1024x576.jpg\" alt=\"Profesionales conscientes en equipos \u00e1giles\" class=\"wp-image-488\" srcset=\"https:\/\/andressalcedo.com\/blog\/wp-content\/uploads\/2023\/07\/8-1024x576.jpg 1024w, https:\/\/andressalcedo.com\/blog\/wp-content\/uploads\/2023\/07\/8-300x169.jpg 300w, https:\/\/andressalcedo.com\/blog\/wp-content\/uploads\/2023\/07\/8-768x432.jpg 768w, https:\/\/andressalcedo.com\/blog\/wp-content\/uploads\/2023\/07\/8-1536x864.jpg 1536w, https:\/\/andressalcedo.com\/blog\/wp-content\/uploads\/2023\/07\/8.jpg 1920w\" sizes=\"auto, (max-width: 1024px) 100vw, 1024px\" \/><\/figure>\n\n\n\n<p>Ser un profesional consciente en un equipo \u00e1gil es esencial para alcanzar los objetivos con efectividad e integridad. Requiere compromiso, competencia y autonom\u00eda en la toma de decisiones. Te invito a reflexionar: \u00bfest\u00e1s siendo un profesional consciente?<\/p>\n\n\n\n<p><\/p>\n\n\n\n<p>\u00a1No pierdas la oportunidad de potenciar tus habilidades y mejorar tu desempe\u00f1o profesional! Reg\u00edstrate ahora mismo en mi <strong>curso gratuito de Introducci\u00f3n a la Agilidad<\/strong> y descubre los fundamentos clave para trabajar de manera efectiva en equipos \u00e1giles.<\/p>\n\n\n\n<p>En este curso, aprender\u00e1s los conceptos esenciales de la agilidad, c\u00f3mo adaptarte a entornos de alta incertidumbre y c\u00f3mo contribuir al \u00e9xito de tu equipo. \u00a1Es tu oportunidad de convertirte en un profesional consciente y \u00e1gil!<\/p>\n\n\n\n<div style=\"height:16px\" aria-hidden=\"true\" class=\"wp-block-spacer\"><\/div>\n\n\n\n<figure class=\"wp-block-image aligncenter size-full is-resized\"><img loading=\"lazy\" decoding=\"async\" src=\"https:\/\/andressalcedo.com\/blog\/wp-content\/uploads\/2023\/04\/2-1.jpg\" alt=\"Curso gratuito de Introducci\u00f3n a la Agilidad\" class=\"wp-image-468\" width=\"486\" height=\"301\"\/><\/figure>\n\n\n\n<div class=\"wp-block-buttons is-content-justification-center is-layout-flex wp-container-core-buttons-is-layout-a89b3969 wp-block-buttons-is-layout-flex\">\n<div class=\"wp-block-button is-style-outline is-style-outline--1\"><a class=\"wp-block-button__link has-base-color has-primary-background-color has-text-color has-background has-text-align-center wp-element-button\" href=\"https:\/\/andressalcedo.com\/comprar\/?enroll=2\" target=\"_blank\" rel=\"noreferrer noopener\">INSCRIBIRME YA<\/a><\/div>\n\n\n\n<div class=\"wp-block-button is-style-outline is-style-outline--2\"><a class=\"wp-block-button__link has-primary-color has-base-background-color has-text-color has-background wp-element-button\" href=\"https:\/\/andressalcedo.com\/cursos\/agilidad-gratis\/\" target=\"_blank\" rel=\"noreferrer noopener\">VER M\u00c1S<\/a><\/div>\n<\/div>\n\n\n\n<p>\u00a1No dejes pasar esta oportunidad de crecimiento profesional! \u00a1Inscr\u00edbete ahora mismo y comienza tu camino hacia la excelencia en la agilidad!<\/p>\n","protected":false},"excerpt":{"rendered":"<p>Trabajar en un equipo \u00e1gil no se limita \u00fanicamente a tener habilidades t\u00e9cnicas en tu campo, va m\u00e1s all\u00e1: requiere que seas un profesional consciente.<\/p>\n","protected":false},"author":1,"featured_media":492,"comment_status":"closed","ping_status":"closed","sticky":false,"template":"wp-custom-template-plantilla-de-post","format":"standard","meta":{"footnotes":""},"categories":[12,66,14],"tags":[6,11,20,17,15,5],"class_list":["post-483","post","type-post","status-publish","format-standard","has-post-thumbnail","hentry","category-agilidad","category-liderazgo-consciente","category-management","tag-agilidad","tag-andres-salcedo","tag-equipos-agiles","tag-lider-agil","tag-management","tag-metodologias-agiles"],"yoast_head":"<!-- This site is optimized with the Yoast SEO plugin v27.4 - https:\/\/yoast.com\/product\/yoast-seo-wordpress\/ -->\n<title>Los equipos \u00e1giles requieren profesionales conscientes \u00bflo eres? - Blog de Andr\u00e9s Salcedo<\/title>\n<meta name=\"description\" content=\"Trabajar en un equipo \u00e1gil no se limita \u00fanicamente a tener habilidades t\u00e9cnicas en tu campo, va m\u00e1s all\u00e1: requiere que seas un profesional consciente.\" \/>\n<meta name=\"robots\" content=\"index, follow, max-snippet:-1, max-image-preview:large, max-video-preview:-1\" \/>\n<link rel=\"canonical\" href=\"https:\/\/andressalcedo.com\/blog\/los-equipos-agiles-requieren-profesionales-conscientes\/\" \/>\n<meta property=\"og:locale\" content=\"es_ES\" \/>\n<meta property=\"og:type\" content=\"article\" \/>\n<meta property=\"og:title\" content=\"Los equipos \u00e1giles requieren profesionales conscientes \u00bflo eres?\" \/>\n<meta property=\"og:description\" content=\"Trabajar en un equipo \u00e1gil no se limita \u00fanicamente a tener habilidades t\u00e9cnicas en tu campo, va m\u00e1s all\u00e1: requiere que seas un profesional consciente.\" \/>\n<meta property=\"og:url\" content=\"https:\/\/andressalcedo.com\/blog\/los-equipos-agiles-requieren-profesionales-conscientes\/\" \/>\n<meta property=\"og:site_name\" content=\"Blog de Andr\u00e9s Salcedo\" \/>\n<meta property=\"article:publisher\" content=\"https:\/\/www.facebook.com\/AndresSalcedocom\/\" \/>\n<meta property=\"article:author\" content=\"https:\/\/www.facebook.com\/AndresSalcedocom\/\" \/>\n<meta property=\"article:published_time\" content=\"2023-07-07T23:22:28+00:00\" \/>\n<meta property=\"article:modified_time\" content=\"2023-07-11T14:19:37+00:00\" \/>\n<meta property=\"og:image\" content=\"https:\/\/andressalcedo.com\/blog\/wp-content\/uploads\/2023\/07\/Portada-Blogpost.jpg\" \/>\n\t<meta property=\"og:image:width\" content=\"1890\" \/>\n\t<meta property=\"og:image:height\" content=\"1326\" \/>\n\t<meta property=\"og:image:type\" content=\"image\/jpeg\" \/>\n<meta name=\"author\" content=\"Andr\u00e9s Salcedo\" \/>\n<meta name=\"twitter:card\" content=\"summary_large_image\" \/>\n<meta name=\"twitter:title\" content=\"Los equipos \u00e1giles requieren profesionales conscientes \u00bflo eres?\" \/>\n<meta name=\"twitter:description\" content=\"Trabajar en un equipo \u00e1gil no se limita \u00fanicamente a tener habilidades t\u00e9cnicas en tu campo, va m\u00e1s all\u00e1: requiere que seas un profesional consciente.\" \/>\n<meta name=\"twitter:image\" content=\"https:\/\/andressalcedo.com\/blog\/wp-content\/uploads\/2023\/07\/Portada-Blogpost.jpg\" \/>\n<meta name=\"twitter:creator\" content=\"@AndresSalcedo_\" \/>\n<meta name=\"twitter:site\" content=\"@AndresSalcedo_\" \/>\n<meta name=\"twitter:label1\" content=\"Escrito por\" \/>\n\t<meta name=\"twitter:data1\" content=\"Andr\u00e9s Salcedo\" \/>\n\t<meta name=\"twitter:label2\" content=\"Tiempo de lectura\" \/>\n\t<meta name=\"twitter:data2\" content=\"5 minutos\" \/>\n<script type=\"application\/ld+json\" class=\"yoast-schema-graph\">{\"@context\":\"https:\\\/\\\/schema.org\",\"@graph\":[{\"@type\":\"Article\",\"@id\":\"https:\\\/\\\/andressalcedo.com\\\/blog\\\/los-equipos-agiles-requieren-profesionales-conscientes\\\/#article\",\"isPartOf\":{\"@id\":\"https:\\\/\\\/andressalcedo.com\\\/blog\\\/los-equipos-agiles-requieren-profesionales-conscientes\\\/\"},\"author\":{\"name\":\"Andr\u00e9s Salcedo\",\"@id\":\"https:\\\/\\\/andressalcedo.com\\\/blog\\\/#\\\/schema\\\/person\\\/44f2fb2ef4c63967a5bf81acc7357e7b\"},\"headline\":\"Los equipos \u00e1giles requieren profesionales conscientes \u00bflo eres?\",\"datePublished\":\"2023-07-07T23:22:28+00:00\",\"dateModified\":\"2023-07-11T14:19:37+00:00\",\"mainEntityOfPage\":{\"@id\":\"https:\\\/\\\/andressalcedo.com\\\/blog\\\/los-equipos-agiles-requieren-profesionales-conscientes\\\/\"},\"wordCount\":950,\"publisher\":{\"@id\":\"https:\\\/\\\/andressalcedo.com\\\/blog\\\/#\\\/schema\\\/person\\\/44f2fb2ef4c63967a5bf81acc7357e7b\"},\"image\":{\"@id\":\"https:\\\/\\\/andressalcedo.com\\\/blog\\\/los-equipos-agiles-requieren-profesionales-conscientes\\\/#primaryimage\"},\"thumbnailUrl\":\"https:\\\/\\\/andressalcedo.com\\\/blog\\\/wp-content\\\/uploads\\\/2023\\\/07\\\/Portada-Blogpost.jpg\",\"keywords\":[\"agilidad\",\"andres salcedo\",\"equipos \u00e1giles\",\"lider agil\",\"management\",\"metodolog\u00edas \u00e1giles\"],\"articleSection\":[\"Agilidad\",\"Liderazgo consciente\",\"Management\"],\"inLanguage\":\"es\"},{\"@type\":\"WebPage\",\"@id\":\"https:\\\/\\\/andressalcedo.com\\\/blog\\\/los-equipos-agiles-requieren-profesionales-conscientes\\\/\",\"url\":\"https:\\\/\\\/andressalcedo.com\\\/blog\\\/los-equipos-agiles-requieren-profesionales-conscientes\\\/\",\"name\":\"Los equipos \u00e1giles requieren profesionales conscientes \u00bflo eres? - Blog de Andr\u00e9s Salcedo\",\"isPartOf\":{\"@id\":\"https:\\\/\\\/andressalcedo.com\\\/blog\\\/#website\"},\"primaryImageOfPage\":{\"@id\":\"https:\\\/\\\/andressalcedo.com\\\/blog\\\/los-equipos-agiles-requieren-profesionales-conscientes\\\/#primaryimage\"},\"image\":{\"@id\":\"https:\\\/\\\/andressalcedo.com\\\/blog\\\/los-equipos-agiles-requieren-profesionales-conscientes\\\/#primaryimage\"},\"thumbnailUrl\":\"https:\\\/\\\/andressalcedo.com\\\/blog\\\/wp-content\\\/uploads\\\/2023\\\/07\\\/Portada-Blogpost.jpg\",\"datePublished\":\"2023-07-07T23:22:28+00:00\",\"dateModified\":\"2023-07-11T14:19:37+00:00\",\"description\":\"Trabajar en un equipo \u00e1gil no se limita \u00fanicamente a tener habilidades t\u00e9cnicas en tu campo, va m\u00e1s all\u00e1: requiere que seas un profesional consciente.\",\"breadcrumb\":{\"@id\":\"https:\\\/\\\/andressalcedo.com\\\/blog\\\/los-equipos-agiles-requieren-profesionales-conscientes\\\/#breadcrumb\"},\"inLanguage\":\"es\",\"potentialAction\":[{\"@type\":\"ReadAction\",\"target\":[\"https:\\\/\\\/andressalcedo.com\\\/blog\\\/los-equipos-agiles-requieren-profesionales-conscientes\\\/\"]}]},{\"@type\":\"ImageObject\",\"inLanguage\":\"es\",\"@id\":\"https:\\\/\\\/andressalcedo.com\\\/blog\\\/los-equipos-agiles-requieren-profesionales-conscientes\\\/#primaryimage\",\"url\":\"https:\\\/\\\/andressalcedo.com\\\/blog\\\/wp-content\\\/uploads\\\/2023\\\/07\\\/Portada-Blogpost.jpg\",\"contentUrl\":\"https:\\\/\\\/andressalcedo.com\\\/blog\\\/wp-content\\\/uploads\\\/2023\\\/07\\\/Portada-Blogpost.jpg\",\"width\":1890,\"height\":1326},{\"@type\":\"BreadcrumbList\",\"@id\":\"https:\\\/\\\/andressalcedo.com\\\/blog\\\/los-equipos-agiles-requieren-profesionales-conscientes\\\/#breadcrumb\",\"itemListElement\":[{\"@type\":\"ListItem\",\"position\":1,\"name\":\"Portada\",\"item\":\"https:\\\/\\\/andressalcedo.com\\\/blog\\\/\"},{\"@type\":\"ListItem\",\"position\":2,\"name\":\"Los equipos \u00e1giles requieren profesionales conscientes \u00bflo eres?\"}]},{\"@type\":\"WebSite\",\"@id\":\"https:\\\/\\\/andressalcedo.com\\\/blog\\\/#website\",\"url\":\"https:\\\/\\\/andressalcedo.com\\\/blog\\\/\",\"name\":\"Andr\u00e9s Salcedo\",\"description\":\"Lee mis posts\",\"publisher\":{\"@id\":\"https:\\\/\\\/andressalcedo.com\\\/blog\\\/#\\\/schema\\\/person\\\/44f2fb2ef4c63967a5bf81acc7357e7b\"},\"potentialAction\":[{\"@type\":\"SearchAction\",\"target\":{\"@type\":\"EntryPoint\",\"urlTemplate\":\"https:\\\/\\\/andressalcedo.com\\\/blog\\\/?s={search_term_string}\"},\"query-input\":{\"@type\":\"PropertyValueSpecification\",\"valueRequired\":true,\"valueName\":\"search_term_string\"}}],\"inLanguage\":\"es\"},{\"@type\":[\"Person\",\"Organization\"],\"@id\":\"https:\\\/\\\/andressalcedo.com\\\/blog\\\/#\\\/schema\\\/person\\\/44f2fb2ef4c63967a5bf81acc7357e7b\",\"name\":\"Andr\u00e9s Salcedo\",\"image\":{\"@type\":\"ImageObject\",\"inLanguage\":\"es\",\"@id\":\"https:\\\/\\\/andressalcedo.com\\\/blog\\\/wp-content\\\/uploads\\\/2023\\\/03\\\/WP-logo-AS.jpg\",\"url\":\"https:\\\/\\\/andressalcedo.com\\\/blog\\\/wp-content\\\/uploads\\\/2023\\\/03\\\/WP-logo-AS.jpg\",\"contentUrl\":\"https:\\\/\\\/andressalcedo.com\\\/blog\\\/wp-content\\\/uploads\\\/2023\\\/03\\\/WP-logo-AS.jpg\",\"width\":400,\"height\":376,\"caption\":\"Andr\u00e9s Salcedo\"},\"logo\":{\"@id\":\"https:\\\/\\\/andressalcedo.com\\\/blog\\\/wp-content\\\/uploads\\\/2023\\\/03\\\/WP-logo-AS.jpg\"},\"description\":\"Te ayudo a encontrar y transitar el mejor camino para que puedas ser un l\u00edder \u00e1gil exitoso.\",\"sameAs\":[\"https:\\\/\\\/andressalcedo.com\",\"https:\\\/\\\/www.facebook.com\\\/AndresSalcedocom\\\/\",\"https:\\\/\\\/www.instagram.com\\\/_andressalcedo\",\"https:\\\/\\\/www.linkedin.com\\\/in\\\/andressalcedo\\\/\",\"https:\\\/\\\/x.com\\\/AndresSalcedo_\",\"https:\\\/\\\/www.youtube.com\\\/channel\\\/UCPQPp4CD0pI3e5FjgBw7vkg\"],\"url\":\"https:\\\/\\\/andressalcedo.com\\\/blog\\\/author\\\/asalcedo\\\/\"}]}<\/script>\n<!-- \/ Yoast SEO plugin. -->","yoast_head_json":{"title":"Los equipos \u00e1giles requieren profesionales conscientes \u00bflo eres? - Blog de Andr\u00e9s Salcedo","description":"Trabajar en un equipo \u00e1gil no se limita \u00fanicamente a tener habilidades t\u00e9cnicas en tu campo, va m\u00e1s all\u00e1: requiere que seas un profesional consciente.","robots":{"index":"index","follow":"follow","max-snippet":"max-snippet:-1","max-image-preview":"max-image-preview:large","max-video-preview":"max-video-preview:-1"},"canonical":"https:\/\/andressalcedo.com\/blog\/los-equipos-agiles-requieren-profesionales-conscientes\/","og_locale":"es_ES","og_type":"article","og_title":"Los equipos \u00e1giles requieren profesionales conscientes \u00bflo eres?","og_description":"Trabajar en un equipo \u00e1gil no se limita \u00fanicamente a tener habilidades t\u00e9cnicas en tu campo, va m\u00e1s all\u00e1: requiere que seas un profesional consciente.","og_url":"https:\/\/andressalcedo.com\/blog\/los-equipos-agiles-requieren-profesionales-conscientes\/","og_site_name":"Blog de Andr\u00e9s Salcedo","article_publisher":"https:\/\/www.facebook.com\/AndresSalcedocom\/","article_author":"https:\/\/www.facebook.com\/AndresSalcedocom\/","article_published_time":"2023-07-07T23:22:28+00:00","article_modified_time":"2023-07-11T14:19:37+00:00","og_image":[{"width":1890,"height":1326,"url":"https:\/\/andressalcedo.com\/blog\/wp-content\/uploads\/2023\/07\/Portada-Blogpost.jpg","type":"image\/jpeg"}],"author":"Andr\u00e9s Salcedo","twitter_card":"summary_large_image","twitter_title":"Los equipos \u00e1giles requieren profesionales conscientes \u00bflo eres?","twitter_description":"Trabajar en un equipo \u00e1gil no se limita \u00fanicamente a tener habilidades t\u00e9cnicas en tu campo, va m\u00e1s all\u00e1: requiere que seas un profesional consciente.","twitter_image":"https:\/\/andressalcedo.com\/blog\/wp-content\/uploads\/2023\/07\/Portada-Blogpost.jpg","twitter_creator":"@AndresSalcedo_","twitter_site":"@AndresSalcedo_","twitter_misc":{"Escrito por":"Andr\u00e9s Salcedo","Tiempo de lectura":"5 minutos"},"schema":{"@context":"https:\/\/schema.org","@graph":[{"@type":"Article","@id":"https:\/\/andressalcedo.com\/blog\/los-equipos-agiles-requieren-profesionales-conscientes\/#article","isPartOf":{"@id":"https:\/\/andressalcedo.com\/blog\/los-equipos-agiles-requieren-profesionales-conscientes\/"},"author":{"name":"Andr\u00e9s Salcedo","@id":"https:\/\/andressalcedo.com\/blog\/#\/schema\/person\/44f2fb2ef4c63967a5bf81acc7357e7b"},"headline":"Los equipos \u00e1giles requieren profesionales conscientes \u00bflo eres?","datePublished":"2023-07-07T23:22:28+00:00","dateModified":"2023-07-11T14:19:37+00:00","mainEntityOfPage":{"@id":"https:\/\/andressalcedo.com\/blog\/los-equipos-agiles-requieren-profesionales-conscientes\/"},"wordCount":950,"publisher":{"@id":"https:\/\/andressalcedo.com\/blog\/#\/schema\/person\/44f2fb2ef4c63967a5bf81acc7357e7b"},"image":{"@id":"https:\/\/andressalcedo.com\/blog\/los-equipos-agiles-requieren-profesionales-conscientes\/#primaryimage"},"thumbnailUrl":"https:\/\/andressalcedo.com\/blog\/wp-content\/uploads\/2023\/07\/Portada-Blogpost.jpg","keywords":["agilidad","andres salcedo","equipos \u00e1giles","lider agil","management","metodolog\u00edas \u00e1giles"],"articleSection":["Agilidad","Liderazgo consciente","Management"],"inLanguage":"es"},{"@type":"WebPage","@id":"https:\/\/andressalcedo.com\/blog\/los-equipos-agiles-requieren-profesionales-conscientes\/","url":"https:\/\/andressalcedo.com\/blog\/los-equipos-agiles-requieren-profesionales-conscientes\/","name":"Los equipos \u00e1giles requieren profesionales conscientes \u00bflo eres? - Blog de Andr\u00e9s Salcedo","isPartOf":{"@id":"https:\/\/andressalcedo.com\/blog\/#website"},"primaryImageOfPage":{"@id":"https:\/\/andressalcedo.com\/blog\/los-equipos-agiles-requieren-profesionales-conscientes\/#primaryimage"},"image":{"@id":"https:\/\/andressalcedo.com\/blog\/los-equipos-agiles-requieren-profesionales-conscientes\/#primaryimage"},"thumbnailUrl":"https:\/\/andressalcedo.com\/blog\/wp-content\/uploads\/2023\/07\/Portada-Blogpost.jpg","datePublished":"2023-07-07T23:22:28+00:00","dateModified":"2023-07-11T14:19:37+00:00","description":"Trabajar en un equipo \u00e1gil no se limita \u00fanicamente a tener habilidades t\u00e9cnicas en tu campo, va m\u00e1s all\u00e1: requiere que seas un profesional consciente.","breadcrumb":{"@id":"https:\/\/andressalcedo.com\/blog\/los-equipos-agiles-requieren-profesionales-conscientes\/#breadcrumb"},"inLanguage":"es","potentialAction":[{"@type":"ReadAction","target":["https:\/\/andressalcedo.com\/blog\/los-equipos-agiles-requieren-profesionales-conscientes\/"]}]},{"@type":"ImageObject","inLanguage":"es","@id":"https:\/\/andressalcedo.com\/blog\/los-equipos-agiles-requieren-profesionales-conscientes\/#primaryimage","url":"https:\/\/andressalcedo.com\/blog\/wp-content\/uploads\/2023\/07\/Portada-Blogpost.jpg","contentUrl":"https:\/\/andressalcedo.com\/blog\/wp-content\/uploads\/2023\/07\/Portada-Blogpost.jpg","width":1890,"height":1326},{"@type":"BreadcrumbList","@id":"https:\/\/andressalcedo.com\/blog\/los-equipos-agiles-requieren-profesionales-conscientes\/#breadcrumb","itemListElement":[{"@type":"ListItem","position":1,"name":"Portada","item":"https:\/\/andressalcedo.com\/blog\/"},{"@type":"ListItem","position":2,"name":"Los equipos \u00e1giles requieren profesionales conscientes \u00bflo eres?"}]},{"@type":"WebSite","@id":"https:\/\/andressalcedo.com\/blog\/#website","url":"https:\/\/andressalcedo.com\/blog\/","name":"Andr\u00e9s Salcedo","description":"Lee mis posts","publisher":{"@id":"https:\/\/andressalcedo.com\/blog\/#\/schema\/person\/44f2fb2ef4c63967a5bf81acc7357e7b"},"potentialAction":[{"@type":"SearchAction","target":{"@type":"EntryPoint","urlTemplate":"https:\/\/andressalcedo.com\/blog\/?s={search_term_string}"},"query-input":{"@type":"PropertyValueSpecification","valueRequired":true,"valueName":"search_term_string"}}],"inLanguage":"es"},{"@type":["Person","Organization"],"@id":"https:\/\/andressalcedo.com\/blog\/#\/schema\/person\/44f2fb2ef4c63967a5bf81acc7357e7b","name":"Andr\u00e9s Salcedo","image":{"@type":"ImageObject","inLanguage":"es","@id":"https:\/\/andressalcedo.com\/blog\/wp-content\/uploads\/2023\/03\/WP-logo-AS.jpg","url":"https:\/\/andressalcedo.com\/blog\/wp-content\/uploads\/2023\/03\/WP-logo-AS.jpg","contentUrl":"https:\/\/andressalcedo.com\/blog\/wp-content\/uploads\/2023\/03\/WP-logo-AS.jpg","width":400,"height":376,"caption":"Andr\u00e9s Salcedo"},"logo":{"@id":"https:\/\/andressalcedo.com\/blog\/wp-content\/uploads\/2023\/03\/WP-logo-AS.jpg"},"description":"Te ayudo a encontrar y transitar el mejor camino para que puedas ser un l\u00edder \u00e1gil exitoso.","sameAs":["https:\/\/andressalcedo.com","https:\/\/www.facebook.com\/AndresSalcedocom\/","https:\/\/www.instagram.com\/_andressalcedo","https:\/\/www.linkedin.com\/in\/andressalcedo\/","https:\/\/x.com\/AndresSalcedo_","https:\/\/www.youtube.com\/channel\/UCPQPp4CD0pI3e5FjgBw7vkg"],"url":"https:\/\/andressalcedo.com\/blog\/author\/asalcedo\/"}]}},"_links":{"self":[{"href":"https:\/\/andressalcedo.com\/blog\/wp-json\/wp\/v2\/posts\/483","targetHints":{"allow":["GET"]}}],"collection":[{"href":"https:\/\/andressalcedo.com\/blog\/wp-json\/wp\/v2\/posts"}],"about":[{"href":"https:\/\/andressalcedo.com\/blog\/wp-json\/wp\/v2\/types\/post"}],"author":[{"embeddable":true,"href":"https:\/\/andressalcedo.com\/blog\/wp-json\/wp\/v2\/users\/1"}],"replies":[{"embeddable":true,"href":"https:\/\/andressalcedo.com\/blog\/wp-json\/wp\/v2\/comments?post=483"}],"version-history":[{"count":9,"href":"https:\/\/andressalcedo.com\/blog\/wp-json\/wp\/v2\/posts\/483\/revisions"}],"predecessor-version":[{"id":498,"href":"https:\/\/andressalcedo.com\/blog\/wp-json\/wp\/v2\/posts\/483\/revisions\/498"}],"wp:featuredmedia":[{"embeddable":true,"href":"https:\/\/andressalcedo.com\/blog\/wp-json\/wp\/v2\/media\/492"}],"wp:attachment":[{"href":"https:\/\/andressalcedo.com\/blog\/wp-json\/wp\/v2\/media?parent=483"}],"wp:term":[{"taxonomy":"category","embeddable":true,"href":"https:\/\/andressalcedo.com\/blog\/wp-json\/wp\/v2\/categories?post=483"},{"taxonomy":"post_tag","embeddable":true,"href":"https:\/\/andressalcedo.com\/blog\/wp-json\/wp\/v2\/tags?post=483"}],"curies":[{"name":"wp","href":"https:\/\/api.w.org\/{rel}","templated":true}]}}