{"id":188,"date":"2019-02-18T14:46:54","date_gmt":"2019-02-18T19:46:54","guid":{"rendered":"https:\/\/andressalcedo.com\/blog\/?p=188"},"modified":"2023-03-20T14:56:06","modified_gmt":"2023-03-20T19:56:06","slug":"mapas-personales","status":"publish","type":"post","link":"https:\/\/andressalcedo.com\/blog\/mapas-personales\/","title":{"rendered":"Construye tejido social usando Mapas Personales"},"content":{"rendered":"\n<p>En la agilidad afirmamos que las personas son lo m\u00e1s importante que tienen las organizaciones y deben ser valoradas como tal, no como recursos. Pero&nbsp;<strong>si hay algo m\u00e1s importante que las personas mismas, son las relaciones que hay entre ellas<\/strong>.<\/p>\n\n\n\n<p><strong>Los resultados de una organizaci\u00f3n son directamente proporcionales a la calidad de las relaciones de las personas que la conforman<\/strong>. De nada sirve tener un grupo de personas muy talentosas y especiales, si no funcionan como equipo y no colaboran entre s\u00ed.<\/p>\n\n\n\n<p>Debido a que las relaciones se reflejan en conversaciones, podemos afirmar que los resultados de una organizaci\u00f3n dependen de la calidad y el tipo de conversaciones que se producen en su interior.<\/p>\n\n\n\n<div style=\"height:17px\" aria-hidden=\"true\" class=\"wp-block-spacer\"><\/div>\n\n\n\n<h2 class=\"wp-block-heading\">TEJIDO SOCIAL<\/h2>\n\n\n\n<div class=\"wp-block-group has-global-padding is-content-justification-left is-layout-constrained wp-container-core-group-is-layout-6974ef0d wp-block-group-is-layout-constrained\">\n<hr class=\"wp-block-separator has-text-color has-primary-color has-alpha-channel-opacity has-primary-background-color has-background is-style-default\"\/>\n<\/div>\n\n\n\n<p>Llamamos tejido social al entramado de relaciones que se generan entre diferentes personas.&nbsp;<strong>Un equipo de alto rendimiento se caracteriza por tener un tejido social fuerte y de calidad<\/strong>.<\/p>\n\n\n\n<p>El l\u00edder \u00e1gil promueve y fomenta la construcci\u00f3n de tejido social, pero para producirlo, no basta solo con reunir personas y esperar que se lleven bien. Las relaciones de calidad se consiguen con tiempo e interacci\u00f3n. Para facilitar esto,\u00a0<a href=\"https:\/\/medium.com\/u\/79df0d151f0e?source=post_page-----86a7b9811825----------------------\">Jurgen Appelo<\/a>\u00a0propone el uso de la t\u00e9cnica \u201cmapas personales\u201d.<\/p>\n\n\n\n<div style=\"height:20px\" aria-hidden=\"true\" class=\"wp-block-spacer\"><\/div>\n\n\n\n<h2 class=\"wp-block-heading\">MAPAS PERSONALES<\/h2>\n\n\n\n<div class=\"wp-block-group has-global-padding is-content-justification-left is-layout-constrained wp-container-core-group-is-layout-6974ef0d wp-block-group-is-layout-constrained\">\n<hr class=\"wp-block-separator has-text-color has-primary-color has-alpha-channel-opacity has-primary-background-color has-background is-style-default\"\/>\n<\/div>\n\n\n\n<p>En repetidas ocasiones nos sucede que conocemos a las personas que nos rodean en el trabajo pero realmente no sabemos quienes son. Mientras no tengamos claro esto, dif\u00edcilmente podremos tener relaciones de calidad.<\/p>\n\n\n\n<p><strong>La t\u00e9cnica de mapas personales nos impulsa a dedicar tiempo y atenci\u00f3n en conocer a las personas que nos rodean<\/strong>. Consiste en indagar sobre las caracter\u00edsticas de la persona que queremos conocer y registrar este conocimiento en un mapa mental.<\/p>\n\n\n\n<p>Esta pr\u00e1ctica la he podido facilitar con diferentes equipos y la din\u00e1mica que he utilizado ha sido la siguiente:<\/p>\n\n\n\n<p>Pido que se agrupen en parejas con la persona que menos conoce. Si el n\u00famero de asistentes es impar, adem\u00e1s de ser el facilitador de esta actividad, participo como compa\u00f1ero de la persona que se queda sin pareja.<\/p>\n\n\n\n<p>Cada persona escribe en el centro de una hoja de papel, el nombre de su aliado y las categor\u00edas de inter\u00e9s alrededor de este. las categor\u00edas propuestas por&nbsp;<a href=\"https:\/\/medium.com\/u\/79df0d151f0e?source=post_page-----86a7b9811825----------------------\">Jurgen<\/a>&nbsp;son: educaci\u00f3n, trabajo, pasatiempos, familia, amigos, objetivos y valores.<\/p>\n\n\n\n<figure class=\"wp-block-image\"><img decoding=\"async\" src=\"https:\/\/miro.medium.com\/max\/1789\/1*yeHCTO-btvkcD4_7CpFhcA@2x.jpeg\" alt=\"\"\/><\/figure>\n\n\n\n<p class=\"has-text-align-center\"><em>Categor\u00edas en Mapa Personal<\/em><\/p>\n\n\n\n<p>Como incremento a esta t\u00e9cnica, hemos hecho algunos cambios en las categor\u00edas, estas son las que m\u00e1s he utilizado: metas, miedos, fobias, amigos, familia, educaci\u00f3n, pasatiempos, cualidades, motivaciones, frustraciones.<\/p>\n\n\n\n<p>A continuaci\u00f3n, dedicamos bloques de tiempo de 6 minutos por cada categor\u00eda, para que las parejas conversen sobre este tema y expandan el mapa personal con lo que descubren de su compa\u00f1ero.<\/p>\n\n\n\n<figure class=\"wp-block-image\"><img decoding=\"async\" src=\"https:\/\/miro.medium.com\/max\/3893\/1*T65AO75uXDXk4lmIGEh4EA@2x.jpeg\" alt=\"\"\/><\/figure>\n\n\n\n<p class=\"has-text-align-center\"><em>Ejemplo de Mapa Personal<\/em><\/p>\n\n\n\n<p>Los mapas personales funcionan mejor cuando habilitamos bloques de tiempo grandes por cada categor\u00eda, debido a que las personas profundizan en esas conversaciones e indagan sobre las historias detr\u00e1s de cada tema. Cuanto menos tiempo tengan por categor\u00eda, el nivel de conocimiento entre las personas ser\u00e1 m\u00e1s superficial.<\/p>\n\n\n\n<p>Una vez abordadas todas las categor\u00edas, dedicamos 5 minutos por persona para que cada uno presente el mapa personal de su compa\u00f1ero y as\u00ed, expandir esas nuevas relaciones.<\/p>\n\n\n\n<blockquote class=\"wp-block-quote is-layout-flow wp-block-quote-is-layout-flow\">\n<p>\u201cAl crear un mapa personal, hacemos un esfuerzo para entender mejor a esa persona\u201d. Jurgen Appelo<\/p>\n<\/blockquote>\n\n\n\n<p><strong>Cuando aplicamos los mapas personales podemos descubrir gustos o aficiones comunes que nos permiten empatizar y construir nuevas relaciones que al final desembocan en un mejor ambiente laboral<\/strong>.<\/p>\n\n\n\n<p>Esta t\u00e9cnica me ha sido especialmente \u00fatil en sesiones de retrospectiva cuando se requiere mejorar la colaboraci\u00f3n, trabajo en equipo y comunicaci\u00f3n. Con esto, se reduce la brecha que se genera entre las personas producto de los juicios que emiten por no conocerse realmente. Tambi\u00e9n es muy \u00fatil una vez se conforman nuevos equipos de trabajo para romper el hielo.<\/p>\n\n\n\n<p>Te invito a aplicar esta t\u00e9cnica con tus compa\u00f1eros de trabajo, amigos o miembros de tu comunidad, me compartas en qu\u00e9 contextos te ha aportado valor, y las conclusiones de tu experiencia pr\u00e1ctica.<\/p>\n\n\n\n<div style=\"height:23px\" aria-hidden=\"true\" class=\"wp-block-spacer\"><\/div>\n\n\n\n<h3 class=\"wp-block-heading\">REFERENCIAS<\/h3>\n\n\n\n<div class=\"wp-block-group has-global-padding is-content-justification-left is-layout-constrained wp-container-core-group-is-layout-6974ef0d wp-block-group-is-layout-constrained\">\n<hr class=\"wp-block-separator has-text-color has-primary-color has-alpha-channel-opacity has-primary-background-color has-background is-style-default\"\/>\n<\/div>\n\n\n\n<p>[1]&nbsp;<a href=\"https:\/\/management30.com\/practice\/personal-maps\/\">https:\/\/management30.com\/practice\/personal-maps\/<\/a><\/p>\n\n\n\n<p>[2]&nbsp;<a href=\"https:\/\/www.javiergarzas.com\/2016\/10\/experiencia-mapas-personales-233-grados-ti-comunidad.html\">https:\/\/www.javiergarzas.com\/2016\/10\/experiencia-mapas-personales-233-grados-ti-comunidad.html<\/a><\/p>\n","protected":false},"excerpt":{"rendered":"<p>En la agilidad afirmamos que las personas son lo m\u00e1s importante que tienen las organizaciones y deben ser valoradas como tal, no como recursos. Pero&nbsp;si hay algo m\u00e1s importante que las personas mismas, son las relaciones que hay entre ellas. Los resultados de una organizaci\u00f3n son directamente proporcionales a la calidad de las relaciones de [&hellip;]<\/p>\n","protected":false},"author":1,"featured_media":189,"comment_status":"open","ping_status":"open","sticky":false,"template":"wp-custom-template-plantilla-de-post","format":"standard","meta":{"footnotes":""},"categories":[14],"tags":[11,17,15,16,30,31],"class_list":["post-188","post","type-post","status-publish","format-standard","has-post-thumbnail","hentry","category-management","tag-andres-salcedo","tag-lider-agil","tag-management","tag-management-3-0","tag-mapas-personales","tag-personal-maps"],"yoast_head":"<!-- This site is optimized with the Yoast SEO plugin v27.5 - https:\/\/yoast.com\/product\/yoast-seo-wordpress\/ -->\n<title>Construye tejido social usando Mapas Personales - Blog de Andr\u00e9s Salcedo<\/title>\n<meta name=\"robots\" content=\"index, follow, max-snippet:-1, max-image-preview:large, max-video-preview:-1\" \/>\n<link rel=\"canonical\" href=\"https:\/\/andressalcedo.com\/blog\/mapas-personales\/\" \/>\n<meta property=\"og:locale\" content=\"es_ES\" \/>\n<meta property=\"og:type\" content=\"article\" \/>\n<meta property=\"og:title\" content=\"Construye tejido social usando Mapas Personales - Blog de Andr\u00e9s Salcedo\" \/>\n<meta property=\"og:description\" content=\"En la agilidad afirmamos que las personas son lo m\u00e1s importante que tienen las organizaciones y deben ser valoradas como tal, no como recursos. Pero&nbsp;si hay algo m\u00e1s importante que las personas mismas, son las relaciones que hay entre ellas. Los resultados de una organizaci\u00f3n son directamente proporcionales a la calidad de las relaciones de [&hellip;]\" \/>\n<meta property=\"og:url\" content=\"https:\/\/andressalcedo.com\/blog\/mapas-personales\/\" \/>\n<meta property=\"og:site_name\" content=\"Blog de Andr\u00e9s Salcedo\" \/>\n<meta property=\"article:publisher\" content=\"https:\/\/www.facebook.com\/AndresSalcedocom\/\" \/>\n<meta property=\"article:author\" content=\"https:\/\/www.facebook.com\/AndresSalcedocom\/\" \/>\n<meta property=\"article:published_time\" content=\"2019-02-18T19:46:54+00:00\" \/>\n<meta property=\"article:modified_time\" content=\"2023-03-20T19:56:06+00:00\" \/>\n<meta property=\"og:image\" content=\"https:\/\/andressalcedo.com\/blog\/wp-content\/uploads\/2023\/03\/1-2.jpeg\" \/>\n\t<meta property=\"og:image:width\" content=\"1400\" \/>\n\t<meta property=\"og:image:height\" content=\"953\" \/>\n\t<meta property=\"og:image:type\" content=\"image\/jpeg\" \/>\n<meta name=\"author\" content=\"Andr\u00e9s Salcedo\" \/>\n<meta name=\"twitter:card\" content=\"summary_large_image\" \/>\n<meta name=\"twitter:creator\" content=\"@AndresSalcedo_\" \/>\n<meta name=\"twitter:site\" content=\"@AndresSalcedo_\" \/>\n<meta name=\"twitter:label1\" content=\"Escrito por\" \/>\n\t<meta name=\"twitter:data1\" content=\"Andr\u00e9s Salcedo\" \/>\n\t<meta name=\"twitter:label2\" content=\"Tiempo de lectura\" \/>\n\t<meta name=\"twitter:data2\" content=\"4 minutos\" \/>\n<script type=\"application\/ld+json\" class=\"yoast-schema-graph\">{\"@context\":\"https:\\\/\\\/schema.org\",\"@graph\":[{\"@type\":\"Article\",\"@id\":\"https:\\\/\\\/andressalcedo.com\\\/blog\\\/mapas-personales\\\/#article\",\"isPartOf\":{\"@id\":\"https:\\\/\\\/andressalcedo.com\\\/blog\\\/mapas-personales\\\/\"},\"author\":{\"name\":\"Andr\u00e9s Salcedo\",\"@id\":\"https:\\\/\\\/andressalcedo.com\\\/blog\\\/#\\\/schema\\\/person\\\/44f2fb2ef4c63967a5bf81acc7357e7b\"},\"headline\":\"Construye tejido social usando Mapas Personales\",\"datePublished\":\"2019-02-18T19:46:54+00:00\",\"dateModified\":\"2023-03-20T19:56:06+00:00\",\"mainEntityOfPage\":{\"@id\":\"https:\\\/\\\/andressalcedo.com\\\/blog\\\/mapas-personales\\\/\"},\"wordCount\":712,\"commentCount\":0,\"publisher\":{\"@id\":\"https:\\\/\\\/andressalcedo.com\\\/blog\\\/#\\\/schema\\\/person\\\/44f2fb2ef4c63967a5bf81acc7357e7b\"},\"image\":{\"@id\":\"https:\\\/\\\/andressalcedo.com\\\/blog\\\/mapas-personales\\\/#primaryimage\"},\"thumbnailUrl\":\"https:\\\/\\\/andressalcedo.com\\\/blog\\\/wp-content\\\/uploads\\\/2023\\\/03\\\/1-2.jpeg\",\"keywords\":[\"andres salcedo\",\"lider agil\",\"management\",\"management 3.0\",\"mapas personales\",\"personal maps\"],\"articleSection\":[\"Management\"],\"inLanguage\":\"es\",\"potentialAction\":[{\"@type\":\"CommentAction\",\"name\":\"Comment\",\"target\":[\"https:\\\/\\\/andressalcedo.com\\\/blog\\\/mapas-personales\\\/#respond\"]}]},{\"@type\":\"WebPage\",\"@id\":\"https:\\\/\\\/andressalcedo.com\\\/blog\\\/mapas-personales\\\/\",\"url\":\"https:\\\/\\\/andressalcedo.com\\\/blog\\\/mapas-personales\\\/\",\"name\":\"Construye tejido social usando Mapas Personales - Blog de Andr\u00e9s Salcedo\",\"isPartOf\":{\"@id\":\"https:\\\/\\\/andressalcedo.com\\\/blog\\\/#website\"},\"primaryImageOfPage\":{\"@id\":\"https:\\\/\\\/andressalcedo.com\\\/blog\\\/mapas-personales\\\/#primaryimage\"},\"image\":{\"@id\":\"https:\\\/\\\/andressalcedo.com\\\/blog\\\/mapas-personales\\\/#primaryimage\"},\"thumbnailUrl\":\"https:\\\/\\\/andressalcedo.com\\\/blog\\\/wp-content\\\/uploads\\\/2023\\\/03\\\/1-2.jpeg\",\"datePublished\":\"2019-02-18T19:46:54+00:00\",\"dateModified\":\"2023-03-20T19:56:06+00:00\",\"breadcrumb\":{\"@id\":\"https:\\\/\\\/andressalcedo.com\\\/blog\\\/mapas-personales\\\/#breadcrumb\"},\"inLanguage\":\"es\",\"potentialAction\":[{\"@type\":\"ReadAction\",\"target\":[\"https:\\\/\\\/andressalcedo.com\\\/blog\\\/mapas-personales\\\/\"]}]},{\"@type\":\"ImageObject\",\"inLanguage\":\"es\",\"@id\":\"https:\\\/\\\/andressalcedo.com\\\/blog\\\/mapas-personales\\\/#primaryimage\",\"url\":\"https:\\\/\\\/andressalcedo.com\\\/blog\\\/wp-content\\\/uploads\\\/2023\\\/03\\\/1-2.jpeg\",\"contentUrl\":\"https:\\\/\\\/andressalcedo.com\\\/blog\\\/wp-content\\\/uploads\\\/2023\\\/03\\\/1-2.jpeg\",\"width\":1400,\"height\":953},{\"@type\":\"BreadcrumbList\",\"@id\":\"https:\\\/\\\/andressalcedo.com\\\/blog\\\/mapas-personales\\\/#breadcrumb\",\"itemListElement\":[{\"@type\":\"ListItem\",\"position\":1,\"name\":\"Portada\",\"item\":\"https:\\\/\\\/andressalcedo.com\\\/blog\\\/\"},{\"@type\":\"ListItem\",\"position\":2,\"name\":\"Construye tejido social usando Mapas Personales\"}]},{\"@type\":\"WebSite\",\"@id\":\"https:\\\/\\\/andressalcedo.com\\\/blog\\\/#website\",\"url\":\"https:\\\/\\\/andressalcedo.com\\\/blog\\\/\",\"name\":\"Andr\u00e9s Salcedo\",\"description\":\"Lee mis posts\",\"publisher\":{\"@id\":\"https:\\\/\\\/andressalcedo.com\\\/blog\\\/#\\\/schema\\\/person\\\/44f2fb2ef4c63967a5bf81acc7357e7b\"},\"potentialAction\":[{\"@type\":\"SearchAction\",\"target\":{\"@type\":\"EntryPoint\",\"urlTemplate\":\"https:\\\/\\\/andressalcedo.com\\\/blog\\\/?s={search_term_string}\"},\"query-input\":{\"@type\":\"PropertyValueSpecification\",\"valueRequired\":true,\"valueName\":\"search_term_string\"}}],\"inLanguage\":\"es\"},{\"@type\":[\"Person\",\"Organization\"],\"@id\":\"https:\\\/\\\/andressalcedo.com\\\/blog\\\/#\\\/schema\\\/person\\\/44f2fb2ef4c63967a5bf81acc7357e7b\",\"name\":\"Andr\u00e9s Salcedo\",\"image\":{\"@type\":\"ImageObject\",\"inLanguage\":\"es\",\"@id\":\"https:\\\/\\\/andressalcedo.com\\\/blog\\\/wp-content\\\/uploads\\\/2023\\\/03\\\/WP-logo-AS.jpg\",\"url\":\"https:\\\/\\\/andressalcedo.com\\\/blog\\\/wp-content\\\/uploads\\\/2023\\\/03\\\/WP-logo-AS.jpg\",\"contentUrl\":\"https:\\\/\\\/andressalcedo.com\\\/blog\\\/wp-content\\\/uploads\\\/2023\\\/03\\\/WP-logo-AS.jpg\",\"width\":400,\"height\":376,\"caption\":\"Andr\u00e9s Salcedo\"},\"logo\":{\"@id\":\"https:\\\/\\\/andressalcedo.com\\\/blog\\\/wp-content\\\/uploads\\\/2023\\\/03\\\/WP-logo-AS.jpg\"},\"description\":\"Te ayudo a encontrar y transitar el mejor camino para que puedas ser un l\u00edder \u00e1gil exitoso.\",\"sameAs\":[\"https:\\\/\\\/andressalcedo.com\",\"https:\\\/\\\/www.facebook.com\\\/AndresSalcedocom\\\/\",\"https:\\\/\\\/www.instagram.com\\\/_andressalcedo\",\"https:\\\/\\\/www.linkedin.com\\\/in\\\/andressalcedo\\\/\",\"https:\\\/\\\/x.com\\\/AndresSalcedo_\",\"https:\\\/\\\/www.youtube.com\\\/channel\\\/UCPQPp4CD0pI3e5FjgBw7vkg\"],\"url\":\"https:\\\/\\\/andressalcedo.com\\\/blog\\\/author\\\/asalcedo\\\/\"}]}<\/script>\n<!-- \/ Yoast SEO plugin. -->","yoast_head_json":{"title":"Construye tejido social usando Mapas Personales - Blog de Andr\u00e9s Salcedo","robots":{"index":"index","follow":"follow","max-snippet":"max-snippet:-1","max-image-preview":"max-image-preview:large","max-video-preview":"max-video-preview:-1"},"canonical":"https:\/\/andressalcedo.com\/blog\/mapas-personales\/","og_locale":"es_ES","og_type":"article","og_title":"Construye tejido social usando Mapas Personales - Blog de Andr\u00e9s Salcedo","og_description":"En la agilidad afirmamos que las personas son lo m\u00e1s importante que tienen las organizaciones y deben ser valoradas como tal, no como recursos. Pero&nbsp;si hay algo m\u00e1s importante que las personas mismas, son las relaciones que hay entre ellas. Los resultados de una organizaci\u00f3n son directamente proporcionales a la calidad de las relaciones de [&hellip;]","og_url":"https:\/\/andressalcedo.com\/blog\/mapas-personales\/","og_site_name":"Blog de Andr\u00e9s Salcedo","article_publisher":"https:\/\/www.facebook.com\/AndresSalcedocom\/","article_author":"https:\/\/www.facebook.com\/AndresSalcedocom\/","article_published_time":"2019-02-18T19:46:54+00:00","article_modified_time":"2023-03-20T19:56:06+00:00","og_image":[{"width":1400,"height":953,"url":"https:\/\/andressalcedo.com\/blog\/wp-content\/uploads\/2023\/03\/1-2.jpeg","type":"image\/jpeg"}],"author":"Andr\u00e9s Salcedo","twitter_card":"summary_large_image","twitter_creator":"@AndresSalcedo_","twitter_site":"@AndresSalcedo_","twitter_misc":{"Escrito por":"Andr\u00e9s Salcedo","Tiempo de lectura":"4 minutos"},"schema":{"@context":"https:\/\/schema.org","@graph":[{"@type":"Article","@id":"https:\/\/andressalcedo.com\/blog\/mapas-personales\/#article","isPartOf":{"@id":"https:\/\/andressalcedo.com\/blog\/mapas-personales\/"},"author":{"name":"Andr\u00e9s Salcedo","@id":"https:\/\/andressalcedo.com\/blog\/#\/schema\/person\/44f2fb2ef4c63967a5bf81acc7357e7b"},"headline":"Construye tejido social usando Mapas Personales","datePublished":"2019-02-18T19:46:54+00:00","dateModified":"2023-03-20T19:56:06+00:00","mainEntityOfPage":{"@id":"https:\/\/andressalcedo.com\/blog\/mapas-personales\/"},"wordCount":712,"commentCount":0,"publisher":{"@id":"https:\/\/andressalcedo.com\/blog\/#\/schema\/person\/44f2fb2ef4c63967a5bf81acc7357e7b"},"image":{"@id":"https:\/\/andressalcedo.com\/blog\/mapas-personales\/#primaryimage"},"thumbnailUrl":"https:\/\/andressalcedo.com\/blog\/wp-content\/uploads\/2023\/03\/1-2.jpeg","keywords":["andres salcedo","lider agil","management","management 3.0","mapas personales","personal maps"],"articleSection":["Management"],"inLanguage":"es","potentialAction":[{"@type":"CommentAction","name":"Comment","target":["https:\/\/andressalcedo.com\/blog\/mapas-personales\/#respond"]}]},{"@type":"WebPage","@id":"https:\/\/andressalcedo.com\/blog\/mapas-personales\/","url":"https:\/\/andressalcedo.com\/blog\/mapas-personales\/","name":"Construye tejido social usando Mapas Personales - Blog de Andr\u00e9s Salcedo","isPartOf":{"@id":"https:\/\/andressalcedo.com\/blog\/#website"},"primaryImageOfPage":{"@id":"https:\/\/andressalcedo.com\/blog\/mapas-personales\/#primaryimage"},"image":{"@id":"https:\/\/andressalcedo.com\/blog\/mapas-personales\/#primaryimage"},"thumbnailUrl":"https:\/\/andressalcedo.com\/blog\/wp-content\/uploads\/2023\/03\/1-2.jpeg","datePublished":"2019-02-18T19:46:54+00:00","dateModified":"2023-03-20T19:56:06+00:00","breadcrumb":{"@id":"https:\/\/andressalcedo.com\/blog\/mapas-personales\/#breadcrumb"},"inLanguage":"es","potentialAction":[{"@type":"ReadAction","target":["https:\/\/andressalcedo.com\/blog\/mapas-personales\/"]}]},{"@type":"ImageObject","inLanguage":"es","@id":"https:\/\/andressalcedo.com\/blog\/mapas-personales\/#primaryimage","url":"https:\/\/andressalcedo.com\/blog\/wp-content\/uploads\/2023\/03\/1-2.jpeg","contentUrl":"https:\/\/andressalcedo.com\/blog\/wp-content\/uploads\/2023\/03\/1-2.jpeg","width":1400,"height":953},{"@type":"BreadcrumbList","@id":"https:\/\/andressalcedo.com\/blog\/mapas-personales\/#breadcrumb","itemListElement":[{"@type":"ListItem","position":1,"name":"Portada","item":"https:\/\/andressalcedo.com\/blog\/"},{"@type":"ListItem","position":2,"name":"Construye tejido social usando Mapas Personales"}]},{"@type":"WebSite","@id":"https:\/\/andressalcedo.com\/blog\/#website","url":"https:\/\/andressalcedo.com\/blog\/","name":"Andr\u00e9s Salcedo","description":"Lee mis posts","publisher":{"@id":"https:\/\/andressalcedo.com\/blog\/#\/schema\/person\/44f2fb2ef4c63967a5bf81acc7357e7b"},"potentialAction":[{"@type":"SearchAction","target":{"@type":"EntryPoint","urlTemplate":"https:\/\/andressalcedo.com\/blog\/?s={search_term_string}"},"query-input":{"@type":"PropertyValueSpecification","valueRequired":true,"valueName":"search_term_string"}}],"inLanguage":"es"},{"@type":["Person","Organization"],"@id":"https:\/\/andressalcedo.com\/blog\/#\/schema\/person\/44f2fb2ef4c63967a5bf81acc7357e7b","name":"Andr\u00e9s Salcedo","image":{"@type":"ImageObject","inLanguage":"es","@id":"https:\/\/andressalcedo.com\/blog\/wp-content\/uploads\/2023\/03\/WP-logo-AS.jpg","url":"https:\/\/andressalcedo.com\/blog\/wp-content\/uploads\/2023\/03\/WP-logo-AS.jpg","contentUrl":"https:\/\/andressalcedo.com\/blog\/wp-content\/uploads\/2023\/03\/WP-logo-AS.jpg","width":400,"height":376,"caption":"Andr\u00e9s Salcedo"},"logo":{"@id":"https:\/\/andressalcedo.com\/blog\/wp-content\/uploads\/2023\/03\/WP-logo-AS.jpg"},"description":"Te ayudo a encontrar y transitar el mejor camino para que puedas ser un l\u00edder \u00e1gil exitoso.","sameAs":["https:\/\/andressalcedo.com","https:\/\/www.facebook.com\/AndresSalcedocom\/","https:\/\/www.instagram.com\/_andressalcedo","https:\/\/www.linkedin.com\/in\/andressalcedo\/","https:\/\/x.com\/AndresSalcedo_","https:\/\/www.youtube.com\/channel\/UCPQPp4CD0pI3e5FjgBw7vkg"],"url":"https:\/\/andressalcedo.com\/blog\/author\/asalcedo\/"}]}},"_links":{"self":[{"href":"https:\/\/andressalcedo.com\/blog\/wp-json\/wp\/v2\/posts\/188","targetHints":{"allow":["GET"]}}],"collection":[{"href":"https:\/\/andressalcedo.com\/blog\/wp-json\/wp\/v2\/posts"}],"about":[{"href":"https:\/\/andressalcedo.com\/blog\/wp-json\/wp\/v2\/types\/post"}],"author":[{"embeddable":true,"href":"https:\/\/andressalcedo.com\/blog\/wp-json\/wp\/v2\/users\/1"}],"replies":[{"embeddable":true,"href":"https:\/\/andressalcedo.com\/blog\/wp-json\/wp\/v2\/comments?post=188"}],"version-history":[{"count":1,"href":"https:\/\/andressalcedo.com\/blog\/wp-json\/wp\/v2\/posts\/188\/revisions"}],"predecessor-version":[{"id":190,"href":"https:\/\/andressalcedo.com\/blog\/wp-json\/wp\/v2\/posts\/188\/revisions\/190"}],"wp:featuredmedia":[{"embeddable":true,"href":"https:\/\/andressalcedo.com\/blog\/wp-json\/wp\/v2\/media\/189"}],"wp:attachment":[{"href":"https:\/\/andressalcedo.com\/blog\/wp-json\/wp\/v2\/media?parent=188"}],"wp:term":[{"taxonomy":"category","embeddable":true,"href":"https:\/\/andressalcedo.com\/blog\/wp-json\/wp\/v2\/categories?post=188"},{"taxonomy":"post_tag","embeddable":true,"href":"https:\/\/andressalcedo.com\/blog\/wp-json\/wp\/v2\/tags?post=188"}],"curies":[{"name":"wp","href":"https:\/\/api.w.org\/{rel}","templated":true}]}}